{"id":11083,"date":"2024-12-20T10:59:29","date_gmt":"2024-12-20T13:59:29","guid":{"rendered":"https:\/\/www.poupex.com.br\/noticia\/?p=11083"},"modified":"2024-12-20T11:12:46","modified_gmt":"2024-12-20T14:12:46","slug":"noroeste-df-veja-a-lista-definitiva-do-reserva-douro-e-do-reserva-22","status":"publish","type":"post","link":"https:\/\/www.poupex.com.br\/noticia\/noroeste-df-veja-a-lista-definitiva-do-reserva-douro-e-do-reserva-22\/","title":{"rendered":"Noroeste (DF): veja a lista definitiva do Reserva Douro e do Reserva 22\u00a0"},"content":{"rendered":"\n<p>Est\u00e1 dispon\u00edvel a lista definitiva dos militares e pensionistas inscritos no 1\u00ba edital de interessados nos residenciais <a href=\"https:\/\/www.poupex.com.br\/imoveis-pra-voce\/imoveis-novos\/imovel\/residencial-reserva-douro\/\" target=\"_blank\" rel=\"noreferrer noopener\">Reserva Douro<\/a>&nbsp;e <a href=\"https:\/\/www.poupex.com.br\/imoveis-pra-voce\/imoveis-novos\/imovel\/reserva-22\/\" target=\"_blank\" rel=\"noreferrer noopener\">Reserva 22<\/a>, ambos localizados no Noroeste (DF). &nbsp;<\/p>\n\n\n\n<div class=\"wp-block-buttons is-layout-flex wp-block-buttons-is-layout-flex\">\n<div class=\"wp-block-button\"><a class=\"wp-block-button__link wp-element-button\" href=\"https:\/\/www.poupex.com.br\/geopi\/wp-content\/uploads\/sites\/2\/1.-Lista-Definitiva-1o-Edital-Unico-Reserva-22-e-Douro.pdf\" target=\"_blank\" rel=\"noreferrer noopener\">Ver lista definitiva<\/a><\/div>\n<\/div>\n\n\n\n<p>Os apartamentos come\u00e7ar\u00e3o a ser vendidos em 3 de fevereiro de 2025.\u00a0<\/p>\n\n\n\n<h2 class=\"wp-block-heading\">Sobre os residenciais<\/h2>\n\n\n\n<p>Em constru\u00e7\u00e3o na SQNW 307, o\u00a0<a href=\"https:\/\/www.poupex.com.br\/imoveis-pra-voce\/imoveis-novos\/imovel\/residencial-reserva-douro\/\" target=\"_blank\" rel=\"noreferrer noopener\">Reserva Douro<\/a>\u00a0ter\u00e1 3 unidades dispon\u00edveis <strong>de 129 metros quadrados<\/strong>. J\u00e1 no\u00a0<a href=\"https:\/\/www.poupex.com.br\/imoveis-pra-voce\/imoveis-novos\/imovel\/reserva-22\/\" target=\"_blank\" rel=\"noreferrer noopener\">Reserva 22<\/a> (SQNW 306),\u00a0a FHE POUPEX comercializar\u00e1 6 apartamentos de <strong>110m\u00b2 a 126m\u00b2<\/strong>. <\/p>\n\n\n\n<p>Nos dois residenciais, as unidades possuem 3 quartos, sendo 1 su\u00edte, salas de estar e jantar, varanda, lavabo, cozinha integrada \u00e0 sala de jantar, \u00e1rea de servi\u00e7o e 2 vagas de garagem. \u00a0\u00a0<\/p>\n\n\n\n<p>Tanto o Reserva Douro quanto o Reserva 22 oferecem \u00e1reas de lazer completas, incluindo churraqueira, sal\u00f5es de festas e de jogos, academia, brinquedoteca, piscinas, sauna, entre outros espa\u00e7os.<\/p>\n","protected":false},"excerpt":{"rendered":"<p>In\u00edcio das vendas est\u00e1 previsto para 3 de fevereiro de 2025. <\/p>\n","protected":false},"author":789,"featured_media":10828,"comment_status":"closed","ping_status":"open","sticky":false,"template":"","format":"standard","meta":{"_acf_changed":false,"footnotes":""},"categories":[164,195,152,163,196],"tags":[261,524,259,701,702,280],"class_list":["post-11083","post","type-post","status-publish","format-standard","has-post-thumbnail","hentry","category-civis","category-conveniados","category-imoveis","category-militares","category-pensionistas","tag-financiamento-habitacional","tag-imoveis-no-noroeste","tag-noroeste","tag-reserva-22","tag-reserva-douro","tag-venda-de-imoveis"],"acf":[],"yoast_head":"<!-- This site is optimized with the Yoast SEO plugin v23.5 - https:\/\/yoast.com\/wordpress\/plugins\/seo\/ -->\n<title>Noroeste (DF): veja a lista definitiva do Reserva Douro e do Reserva 22\u00a0 - CECOM<\/title>\n<meta name=\"robots\" content=\"index, follow, max-snippet:-1, max-image-preview:large, max-video-preview:-1\" \/>\n<link rel=\"canonical\" href=\"https:\/\/www.poupex.com.br\/noticia\/noroeste-df-veja-a-lista-definitiva-do-reserva-douro-e-do-reserva-22\/\" \/>\n<meta property=\"og:locale\" content=\"pt_BR\" \/>\n<meta property=\"og:type\" content=\"article\" \/>\n<meta property=\"og:title\" content=\"Noroeste (DF): veja a lista definitiva do Reserva Douro e do Reserva 22\u00a0 - CECOM\" \/>\n<meta property=\"og:description\" content=\"In\u00edcio das vendas est\u00e1 previsto para 3 de fevereiro de 2025.\" \/>\n<meta property=\"og:url\" content=\"https:\/\/www.poupex.com.br\/noticia\/noroeste-df-veja-a-lista-definitiva-do-reserva-douro-e-do-reserva-22\/\" \/>\n<meta property=\"og:site_name\" content=\"CECOM\" \/>\n<meta property=\"article:published_time\" content=\"2024-12-20T13:59:29+00:00\" \/>\n<meta property=\"article:modified_time\" content=\"2024-12-20T14:12:46+00:00\" \/>\n<meta property=\"og:image\" content=\"https:\/\/www.poupex.com.br\/noticia\/wp-content\/uploads\/sites\/3\/2024\/10\/reservadouro-1.png\" \/>\n\t<meta property=\"og:image:width\" content=\"675\" \/>\n\t<meta property=\"og:image:height\" content=\"450\" \/>\n\t<meta property=\"og:image:type\" content=\"image\/png\" \/>\n<meta name=\"author\" content=\"marinamercante\" \/>\n<meta name=\"twitter:card\" content=\"summary_large_image\" \/>\n<meta name=\"twitter:label1\" content=\"Escrito por\" \/>\n\t<meta name=\"twitter:data1\" content=\"marinamercante\" \/>\n\t<meta name=\"twitter:label2\" content=\"Est. tempo de leitura\" \/>\n\t<meta name=\"twitter:data2\" content=\"1 minuto\" \/>\n<script type=\"application\/ld+json\" class=\"yoast-schema-graph\">{\"@context\":\"https:\/\/schema.org\",\"@graph\":[{\"@type\":\"WebPage\",\"@id\":\"https:\/\/www.poupex.com.br\/noticia\/noroeste-df-veja-a-lista-definitiva-do-reserva-douro-e-do-reserva-22\/\",\"url\":\"https:\/\/www.poupex.com.br\/noticia\/noroeste-df-veja-a-lista-definitiva-do-reserva-douro-e-do-reserva-22\/\",\"name\":\"Noroeste (DF): veja a lista definitiva do Reserva Douro e do Reserva 22\u00a0 - CECOM\",\"isPartOf\":{\"@id\":\"https:\/\/www.poupex.com.br\/noticia\/#website\"},\"primaryImageOfPage\":{\"@id\":\"https:\/\/www.poupex.com.br\/noticia\/noroeste-df-veja-a-lista-definitiva-do-reserva-douro-e-do-reserva-22\/#primaryimage\"},\"image\":{\"@id\":\"https:\/\/www.poupex.com.br\/noticia\/noroeste-df-veja-a-lista-definitiva-do-reserva-douro-e-do-reserva-22\/#primaryimage\"},\"thumbnailUrl\":\"https:\/\/www.poupex.com.br\/noticia\/wp-content\/uploads\/sites\/3\/2024\/10\/reservadouro-1.png\",\"datePublished\":\"2024-12-20T13:59:29+00:00\",\"dateModified\":\"2024-12-20T14:12:46+00:00\",\"author\":{\"@id\":\"https:\/\/www.poupex.com.br\/noticia\/#\/schema\/person\/61d6fd38464872114a40ef3251396792\"},\"breadcrumb\":{\"@id\":\"https:\/\/www.poupex.com.br\/noticia\/noroeste-df-veja-a-lista-definitiva-do-reserva-douro-e-do-reserva-22\/#breadcrumb\"},\"inLanguage\":\"pt-BR\",\"potentialAction\":[{\"@type\":\"ReadAction\",\"target\":[\"https:\/\/www.poupex.com.br\/noticia\/noroeste-df-veja-a-lista-definitiva-do-reserva-douro-e-do-reserva-22\/\"]}]},{\"@type\":\"ImageObject\",\"inLanguage\":\"pt-BR\",\"@id\":\"https:\/\/www.poupex.com.br\/noticia\/noroeste-df-veja-a-lista-definitiva-do-reserva-douro-e-do-reserva-22\/#primaryimage\",\"url\":\"https:\/\/www.poupex.com.br\/noticia\/wp-content\/uploads\/sites\/3\/2024\/10\/reservadouro-1.png\",\"contentUrl\":\"https:\/\/www.poupex.com.br\/noticia\/wp-content\/uploads\/sites\/3\/2024\/10\/reservadouro-1.png\",\"width\":675,\"height\":450},{\"@type\":\"BreadcrumbList\",\"@id\":\"https:\/\/www.poupex.com.br\/noticia\/noroeste-df-veja-a-lista-definitiva-do-reserva-douro-e-do-reserva-22\/#breadcrumb\",\"itemListElement\":[{\"@type\":\"ListItem\",\"position\":1,\"name\":\"In\u00edcio\",\"item\":\"https:\/\/www.poupex.com.br\/noticia\/\"},{\"@type\":\"ListItem\",\"position\":2,\"name\":\"Noroeste (DF): veja a lista definitiva do Reserva Douro e do Reserva 22\u00a0\"}]},{\"@type\":\"WebSite\",\"@id\":\"https:\/\/www.poupex.com.br\/noticia\/#website\",\"url\":\"https:\/\/www.poupex.com.br\/noticia\/\",\"name\":\"CECOM\",\"description\":\"\",\"potentialAction\":[{\"@type\":\"SearchAction\",\"target\":{\"@type\":\"EntryPoint\",\"urlTemplate\":\"https:\/\/www.poupex.com.br\/noticia\/?s={search_term_string}\"},\"query-input\":{\"@type\":\"PropertyValueSpecification\",\"valueRequired\":true,\"valueName\":\"search_term_string\"}}],\"inLanguage\":\"pt-BR\"},{\"@type\":\"Person\",\"@id\":\"https:\/\/www.poupex.com.br\/noticia\/#\/schema\/person\/61d6fd38464872114a40ef3251396792\",\"name\":\"marinamercante\",\"image\":{\"@type\":\"ImageObject\",\"inLanguage\":\"pt-BR\",\"@id\":\"https:\/\/www.poupex.com.br\/noticia\/#\/schema\/person\/image\/\",\"url\":\"https:\/\/secure.gravatar.com\/avatar\/04e5554d11898c19bbb34efa5031a88f?s=96&d=mm&r=g\",\"contentUrl\":\"https:\/\/secure.gravatar.com\/avatar\/04e5554d11898c19bbb34efa5031a88f?s=96&d=mm&r=g\",\"caption\":\"marinamercante\"},\"url\":\"https:\/\/www.poupex.com.br\/noticia\/author\/marinamercante\/\"}]}<\/script>\n<!-- \/ Yoast SEO plugin. -->","yoast_head_json":{"title":"Noroeste (DF): veja a lista definitiva do Reserva Douro e do Reserva 22\u00a0 - CECOM","robots":{"index":"index","follow":"follow","max-snippet":"max-snippet:-1","max-image-preview":"max-image-preview:large","max-video-preview":"max-video-preview:-1"},"canonical":"https:\/\/www.poupex.com.br\/noticia\/noroeste-df-veja-a-lista-definitiva-do-reserva-douro-e-do-reserva-22\/","og_locale":"pt_BR","og_type":"article","og_title":"Noroeste (DF): veja a lista definitiva do Reserva Douro e do Reserva 22\u00a0 - CECOM","og_description":"In\u00edcio das vendas est\u00e1 previsto para 3 de fevereiro de 2025.","og_url":"https:\/\/www.poupex.com.br\/noticia\/noroeste-df-veja-a-lista-definitiva-do-reserva-douro-e-do-reserva-22\/","og_site_name":"CECOM","article_published_time":"2024-12-20T13:59:29+00:00","article_modified_time":"2024-12-20T14:12:46+00:00","og_image":[{"width":675,"height":450,"url":"https:\/\/www.poupex.com.br\/noticia\/wp-content\/uploads\/sites\/3\/2024\/10\/reservadouro-1.png","type":"image\/png"}],"author":"marinamercante","twitter_card":"summary_large_image","twitter_misc":{"Escrito por":"marinamercante","Est. tempo de leitura":"1 minuto"},"schema":{"@context":"https:\/\/schema.org","@graph":[{"@type":"WebPage","@id":"https:\/\/www.poupex.com.br\/noticia\/noroeste-df-veja-a-lista-definitiva-do-reserva-douro-e-do-reserva-22\/","url":"https:\/\/www.poupex.com.br\/noticia\/noroeste-df-veja-a-lista-definitiva-do-reserva-douro-e-do-reserva-22\/","name":"Noroeste (DF): veja a lista definitiva do Reserva Douro e do Reserva 22\u00a0 - CECOM","isPartOf":{"@id":"https:\/\/www.poupex.com.br\/noticia\/#website"},"primaryImageOfPage":{"@id":"https:\/\/www.poupex.com.br\/noticia\/noroeste-df-veja-a-lista-definitiva-do-reserva-douro-e-do-reserva-22\/#primaryimage"},"image":{"@id":"https:\/\/www.poupex.com.br\/noticia\/noroeste-df-veja-a-lista-definitiva-do-reserva-douro-e-do-reserva-22\/#primaryimage"},"thumbnailUrl":"https:\/\/www.poupex.com.br\/noticia\/wp-content\/uploads\/sites\/3\/2024\/10\/reservadouro-1.png","datePublished":"2024-12-20T13:59:29+00:00","dateModified":"2024-12-20T14:12:46+00:00","author":{"@id":"https:\/\/www.poupex.com.br\/noticia\/#\/schema\/person\/61d6fd38464872114a40ef3251396792"},"breadcrumb":{"@id":"https:\/\/www.poupex.com.br\/noticia\/noroeste-df-veja-a-lista-definitiva-do-reserva-douro-e-do-reserva-22\/#breadcrumb"},"inLanguage":"pt-BR","potentialAction":[{"@type":"ReadAction","target":["https:\/\/www.poupex.com.br\/noticia\/noroeste-df-veja-a-lista-definitiva-do-reserva-douro-e-do-reserva-22\/"]}]},{"@type":"ImageObject","inLanguage":"pt-BR","@id":"https:\/\/www.poupex.com.br\/noticia\/noroeste-df-veja-a-lista-definitiva-do-reserva-douro-e-do-reserva-22\/#primaryimage","url":"https:\/\/www.poupex.com.br\/noticia\/wp-content\/uploads\/sites\/3\/2024\/10\/reservadouro-1.png","contentUrl":"https:\/\/www.poupex.com.br\/noticia\/wp-content\/uploads\/sites\/3\/2024\/10\/reservadouro-1.png","width":675,"height":450},{"@type":"BreadcrumbList","@id":"https:\/\/www.poupex.com.br\/noticia\/noroeste-df-veja-a-lista-definitiva-do-reserva-douro-e-do-reserva-22\/#breadcrumb","itemListElement":[{"@type":"ListItem","position":1,"name":"In\u00edcio","item":"https:\/\/www.poupex.com.br\/noticia\/"},{"@type":"ListItem","position":2,"name":"Noroeste (DF): veja a lista definitiva do Reserva Douro e do Reserva 22\u00a0"}]},{"@type":"WebSite","@id":"https:\/\/www.poupex.com.br\/noticia\/#website","url":"https:\/\/www.poupex.com.br\/noticia\/","name":"CECOM","description":"","potentialAction":[{"@type":"SearchAction","target":{"@type":"EntryPoint","urlTemplate":"https:\/\/www.poupex.com.br\/noticia\/?s={search_term_string}"},"query-input":{"@type":"PropertyValueSpecification","valueRequired":true,"valueName":"search_term_string"}}],"inLanguage":"pt-BR"},{"@type":"Person","@id":"https:\/\/www.poupex.com.br\/noticia\/#\/schema\/person\/61d6fd38464872114a40ef3251396792","name":"marinamercante","image":{"@type":"ImageObject","inLanguage":"pt-BR","@id":"https:\/\/www.poupex.com.br\/noticia\/#\/schema\/person\/image\/","url":"https:\/\/secure.gravatar.com\/avatar\/04e5554d11898c19bbb34efa5031a88f?s=96&d=mm&r=g","contentUrl":"https:\/\/secure.gravatar.com\/avatar\/04e5554d11898c19bbb34efa5031a88f?s=96&d=mm&r=g","caption":"marinamercante"},"url":"https:\/\/www.poupex.com.br\/noticia\/author\/marinamercante\/"}]}},"_links":{"self":[{"href":"https:\/\/www.poupex.com.br\/noticia\/wp-json\/wp\/v2\/posts\/11083"}],"collection":[{"href":"https:\/\/www.poupex.com.br\/noticia\/wp-json\/wp\/v2\/posts"}],"about":[{"href":"https:\/\/www.poupex.com.br\/noticia\/wp-json\/wp\/v2\/types\/post"}],"author":[{"embeddable":true,"href":"https:\/\/www.poupex.com.br\/noticia\/wp-json\/wp\/v2\/users\/789"}],"replies":[{"embeddable":true,"href":"https:\/\/www.poupex.com.br\/noticia\/wp-json\/wp\/v2\/comments?post=11083"}],"version-history":[{"count":3,"href":"https:\/\/www.poupex.com.br\/noticia\/wp-json\/wp\/v2\/posts\/11083\/revisions"}],"predecessor-version":[{"id":11087,"href":"https:\/\/www.poupex.com.br\/noticia\/wp-json\/wp\/v2\/posts\/11083\/revisions\/11087"}],"wp:featuredmedia":[{"embeddable":true,"href":"https:\/\/www.poupex.com.br\/noticia\/wp-json\/wp\/v2\/media\/10828"}],"wp:attachment":[{"href":"https:\/\/www.poupex.com.br\/noticia\/wp-json\/wp\/v2\/media?parent=11083"}],"wp:term":[{"taxonomy":"category","embeddable":true,"href":"https:\/\/www.poupex.com.br\/noticia\/wp-json\/wp\/v2\/categories?post=11083"},{"taxonomy":"post_tag","embeddable":true,"href":"https:\/\/www.poupex.com.br\/noticia\/wp-json\/wp\/v2\/tags?post=11083"}],"curies":[{"name":"wp","href":"https:\/\/api.w.org\/{rel}","templated":true}]}}